{"id":2021,"date":"2025-10-28T08:50:26","date_gmt":"2025-10-28T08:50:26","guid":{"rendered":"https:\/\/naturschutzsl.ch\/?p=2021"},"modified":"2025-11-02T09:42:04","modified_gmt":"2025-11-02T09:42:04","slug":"testbeitrag-2-6-2","status":"publish","type":"post","link":"https:\/\/naturschutzsl.ch\/index.php\/2025\/10\/28\/testbeitrag-2-6-2\/","title":{"rendered":"Spektakul\u00e4rer Massenzug am NSL-Zugvogelstand vom 26.10.2025!"},"content":{"rendered":"\r\n<div class=\"wp-block-group\"><div class=\"wp-block-group__inner-container is-layout-constrained wp-block-group-is-layout-constrained\">\r\n<div class=\"wp-block-group\"><div class=\"wp-block-group__inner-container is-layout-constrained wp-block-group-is-layout-constrained\"><style>.kb-row-layout-id1995_c7e7dd-1a > .kt-row-column-wrap{align-content:start;}:where(.kb-row-layout-id1995_c7e7dd-1a > .kt-row-column-wrap) > .wp-block-kadence-column{justify-content:start;}.kb-row-layout-id1995_c7e7dd-1a > .kt-row-column-wrap{column-gap:64px;row-gap:var(--global-kb-gap-md, 2rem);max-width:934px;margin-left:auto;margin-right:auto;padding-top:var(--global-kb-spacing-sm, 1.5rem);padding-bottom:var(--global-kb-spacing-sm, 1.5rem);grid-template-columns:minmax(0, 1fr) minmax(0, 2fr);}.kb-row-layout-id1995_c7e7dd-1a > .kt-row-layout-overlay{opacity:0.30;}@media all and (max-width: 1024px){.kb-row-layout-id1995_c7e7dd-1a > .kt-row-column-wrap{grid-template-columns:minmax(0, 1fr) minmax(0, 2fr);}}@media all and (max-width: 767px){.kb-row-layout-id1995_c7e7dd-1a > .kt-row-column-wrap{grid-template-columns:minmax(0, 1fr);}}<\/style><div class=\"kb-row-layout-wrap kb-row-layout-id1995_c7e7dd-1a alignnone wp-block-kadence-rowlayout\"><div class=\"kt-row-column-wrap kt-has-2-columns kt-row-layout-right-golden kt-tab-layout-inherit kt-mobile-layout-row kt-row-valign-top\">\r\n\r\n<style>.kadence-column1995_879821-0e > .kt-inside-inner-col,.kadence-column1995_879821-0e > .kt-inside-inner-col:before{border-top-left-radius:0px;border-top-right-radius:0px;border-bottom-right-radius:0px;border-bottom-left-radius:0px;}.kadence-column1995_879821-0e > .kt-inside-inner-col{column-gap:var(--global-kb-gap-sm, 1rem);}.kadence-column1995_879821-0e > .kt-inside-inner-col{flex-direction:column;}.kadence-column1995_879821-0e > .kt-inside-inner-col > .aligncenter{width:100%;}.kadence-column1995_879821-0e > .kt-inside-inner-col:before{opacity:0.3;}.kadence-column1995_879821-0e{position:relative;}@media all and (max-width: 1024px){.kadence-column1995_879821-0e > .kt-inside-inner-col{flex-direction:column;justify-content:center;}}@media all and (max-width: 767px){.kadence-column1995_879821-0e > .kt-inside-inner-col{flex-direction:column;justify-content:center;}}<\/style>\r\n<div class=\"wp-block-kadence-column kadence-column1995_879821-0e\">\r\n<div class=\"kt-inside-inner-col\">\r\n<figure class=\"wp-block-image size-large\"><img loading=\"lazy\" decoding=\"async\" class=\"alignnone wp-image-2023 size-medium\" src=\"https:\/\/naturschutzsl.ch\/wp-content\/uploads\/2025\/10\/NSL-Zugvogelstand-unterhalb-MZH-Seltisberg-26.10.2025-300x225.jpg\" alt=\"\" width=\"300\" height=\"225\" srcset=\"https:\/\/naturschutzsl.ch\/wp-content\/uploads\/2025\/10\/NSL-Zugvogelstand-unterhalb-MZH-Seltisberg-26.10.2025-300x225.jpg 300w, https:\/\/naturschutzsl.ch\/wp-content\/uploads\/2025\/10\/NSL-Zugvogelstand-unterhalb-MZH-Seltisberg-26.10.2025-1024x768.jpg 1024w, https:\/\/naturschutzsl.ch\/wp-content\/uploads\/2025\/10\/NSL-Zugvogelstand-unterhalb-MZH-Seltisberg-26.10.2025-768x576.jpg 768w, https:\/\/naturschutzsl.ch\/wp-content\/uploads\/2025\/10\/NSL-Zugvogelstand-unterhalb-MZH-Seltisberg-26.10.2025-1536x1152.jpg 1536w, https:\/\/naturschutzsl.ch\/wp-content\/uploads\/2025\/10\/NSL-Zugvogelstand-unterhalb-MZH-Seltisberg-26.10.2025-2048x1536.jpg 2048w, https:\/\/naturschutzsl.ch\/wp-content\/uploads\/2025\/10\/NSL-Zugvogelstand-unterhalb-MZH-Seltisberg-26.10.2025-150x113.jpg 150w\" sizes=\"auto, (max-width: 300px) 100vw, 300px\" \/>\u00a0\r\n<figcaption class=\"wp-element-caption\">zahlreiche kleine und grosse Standbesucher am NSL-Zugvogelstand\u00a0<\/figcaption>\r\n<\/figure>\r\n<\/div>\r\n<\/div>\r\n<div class=\"wp-block-kadence-column kadence-column1995_3d7753-ab\">\r\n<div class=\"kt-inside-inner-col\">\r\n\r\n\r\n<h2 class=\"wp-block-heading has-medium-font-size\"><strong>Massiver Vogelzug begeisterte Jung und Alt am NSL-Zugvogelstand!<\/strong><\/h2>\r\n<p>Seltene Zugv\u00f6gel wie Merlin und 5 Kraniche zogen am Sonntag 26.10.2025 \u00fcber Seltisberg nach S\u00fcdwesten durch. Speziell spektakul\u00e4r war der Singvogelzug am Morgen bis zur Mittagszeit, getrieben durch den Temperatureinbruch und starken Gegenwind, welcher die Kleinv\u00f6gel nahe dem Boden und f\u00fcr uns somit gut sichtbar ziehen liessen. Begleitet wurde das Schauspiel von einem seltenen Merlin Weibchen (kleinster Falke Europas und vom hohen Norden herkommend), weiter auch Habicht, Wanderfalke &amp; Co. sowie zahlreichen Rotmilanen und M\u00e4usebussarden mit etwas aufkommender Thermik. Viele der spontan beim Erlifeld unterhalb der MZH Seltisberg vorbei kommenden Spazierg\u00e4nger blieben stehen und hielten inne, um dieses Spektakel, stets kommentiert mit Infos durch Simon Keller und weitere Vorstandsmitglieder, zu geniessen. Auch die Verk\u00f6stigung mit Sandwiches f\u00fcr die Beobachtenden, Tee (danke Bahar!) und \u00c4pfel (danke Monika!) wurde sehr gesch\u00e4tzt und so manch eine(r) wurde als NSL-Neumitglied dazu gewonnen. Die am Ende von 8&#8217;30 bis 15&#8217;15 beobachteten V\u00f6gel waren:<\/p>\r\n<p><a href=\"https:\/\/naturschutzsl.ch\/wp-content\/uploads\/2025\/10\/NSL-Zugvogelstandliste-26.10.2025-scaled.jpg\" target=\"_blank\" rel=\"noopener\">vergr\u00f6ssern<\/a><\/p>\r\n<p>&nbsp;<\/p>\r\n\r\n\r\n\r\n\r\n\r\n\r\n\r\n<p><a href=\"https:\/\/naturschutzsl.ch\/wp-content\/uploads\/2025\/10\/NSL-Zugvogelstandliste-26.10.2025-scaled.jpg\" target=\"_blank\" rel=\"noopener\"><img loading=\"lazy\" decoding=\"async\" class=\"alignnone wp-image-2025 size-medium\" title=\"Zugvogelliste\" src=\"https:\/\/naturschutzsl.ch\/wp-content\/uploads\/2025\/10\/NSL-Zugvogelstandliste-26.10.2025-225x300.jpg\" alt=\"\" width=\"225\" height=\"300\" srcset=\"https:\/\/naturschutzsl.ch\/wp-content\/uploads\/2025\/10\/NSL-Zugvogelstandliste-26.10.2025-225x300.jpg 225w, https:\/\/naturschutzsl.ch\/wp-content\/uploads\/2025\/10\/NSL-Zugvogelstandliste-26.10.2025-768x1024.jpg 768w, https:\/\/naturschutzsl.ch\/wp-content\/uploads\/2025\/10\/NSL-Zugvogelstandliste-26.10.2025-1152x1536.jpg 1152w, https:\/\/naturschutzsl.ch\/wp-content\/uploads\/2025\/10\/NSL-Zugvogelstandliste-26.10.2025-1536x2048.jpg 1536w, https:\/\/naturschutzsl.ch\/wp-content\/uploads\/2025\/10\/NSL-Zugvogelstandliste-26.10.2025-113x150.jpg 113w, https:\/\/naturschutzsl.ch\/wp-content\/uploads\/2025\/10\/NSL-Zugvogelstandliste-26.10.2025-scaled.jpg 1920w\" sizes=\"auto, (max-width: 225px) 100vw, 225px\" \/><\/a><\/p>\r\n<\/div>\r\n<\/div>\r\n<\/div><\/div><\/div><\/div>\r\n<\/div><\/div>\r\n","protected":false},"excerpt":{"rendered":"<p>Massiver Vogelzug begeisterte Jung und Alt am NSL-Zugvogelstand! Seltene Zugv\u00f6gel wie Merlin und 5 Kraniche zogen am Sonntag 26.10.2025 \u00fcber Seltisberg nach S\u00fcdwesten durch. Speziell spektakul\u00e4r war der Singvogelzug am Morgen bis zur Mittagszeit, getrieben durch den Temperatureinbruch und starken Gegenwind, welcher die Kleinv\u00f6gel nahe dem Boden und f\u00fcr uns&#8230;<\/p>\n<p> <a class=\"continue-reading-link\" href=\"https:\/\/naturschutzsl.ch\/index.php\/2025\/10\/28\/testbeitrag-2-6-2\/\"><span><\/span><i class=\"crycon-right-dir\"><\/i><\/a> <\/p>\n","protected":false},"author":1,"featured_media":2024,"comment_status":"closed","ping_status":"closed","sticky":false,"template":"","format":"standard","meta":{"footnotes":""},"categories":[14],"tags":[],"class_list":["post-2021","post","type-post","status-publish","format-standard","has-post-thumbnail","hentry","category-aktuelles"],"_links":{"self":[{"href":"https:\/\/naturschutzsl.ch\/index.php\/wp-json\/wp\/v2\/posts\/2021","targetHints":{"allow":["GET"]}}],"collection":[{"href":"https:\/\/naturschutzsl.ch\/index.php\/wp-json\/wp\/v2\/posts"}],"about":[{"href":"https:\/\/naturschutzsl.ch\/index.php\/wp-json\/wp\/v2\/types\/post"}],"author":[{"embeddable":true,"href":"https:\/\/naturschutzsl.ch\/index.php\/wp-json\/wp\/v2\/users\/1"}],"replies":[{"embeddable":true,"href":"https:\/\/naturschutzsl.ch\/index.php\/wp-json\/wp\/v2\/comments?post=2021"}],"version-history":[{"count":8,"href":"https:\/\/naturschutzsl.ch\/index.php\/wp-json\/wp\/v2\/posts\/2021\/revisions"}],"predecessor-version":[{"id":2030,"href":"https:\/\/naturschutzsl.ch\/index.php\/wp-json\/wp\/v2\/posts\/2021\/revisions\/2030"}],"wp:featuredmedia":[{"embeddable":true,"href":"https:\/\/naturschutzsl.ch\/index.php\/wp-json\/wp\/v2\/media\/2024"}],"wp:attachment":[{"href":"https:\/\/naturschutzsl.ch\/index.php\/wp-json\/wp\/v2\/media?parent=2021"}],"wp:term":[{"taxonomy":"category","embeddable":true,"href":"https:\/\/naturschutzsl.ch\/index.php\/wp-json\/wp\/v2\/categories?post=2021"},{"taxonomy":"post_tag","embeddable":true,"href":"https:\/\/naturschutzsl.ch\/index.php\/wp-json\/wp\/v2\/tags?post=2021"}],"curies":[{"name":"wp","href":"https:\/\/api.w.org\/{rel}","templated":true}]}}